{"id":10266,"date":"2026-03-13T00:00:16","date_gmt":"2026-03-12T22:00:16","guid":{"rendered":"https:\/\/musikverein-erolzheim.de\/?p=10266"},"modified":"2026-04-19T15:30:11","modified_gmt":"2026-04-19T13:30:11","slug":"generalversammlung-2026","status":"publish","type":"post","link":"https:\/\/musikverein-erolzheim.de\/?p=10266","title":{"rendered":"Generalversammlung 2026"},"content":{"rendered":"<p><span style=\"font-weight: 400;\">Am vergangenen Freitag den 20.03.2026 fand die Generalversammlung des F\u00f6rdervereins und des Musikvereins Erolzheim e.V. statt.\u00a0<\/span><\/p>\n<p><strong>F\u00f6rderverein des Musikverein Erolzheim e.V.<\/strong><\/p>\n<p><span style=\"font-weight: 400;\">Die Versammlung des F\u00f6rdervereins wurde vom 1. Vorsitzenden Thomas Harder er\u00f6ffnet. Es folgten Jahresberichte durch den 1. Vorsitzenden und die Schriftf\u00fchrerin Lisa Steck. Dabei wurden die Veranstaltungen des F\u00f6rdervereins hervorgehoben, die im vergangenen Jahr gro\u00dfen Anklang gefunden haben.<\/span><\/p>\n<p><span style=\"font-weight: 400;\">Nach dem Bericht der Kassierin und der Kassenpr\u00fcfer konnte die Entlastung des Vorstandes beantragt werden, welche einstimmig angenommen wurde.<\/span><\/p>\n<p><span style=\"font-weight: 400;\">Bei der Wahl wurde der Posten der Kassiererin neu besetzt. Eva Morath \u00fcbergab das Amt nach 9 erfolgreichen Jahren an Franziska Jost. Die anderen zu w\u00e4hlenden Posten wurden durch ihre bisherigen Amtsinhaber wieder besetzt.<\/span><\/p>\n<p><img loading=\"lazy\" decoding=\"async\" class=\"alignnone wp-image-10325\" src=\"https:\/\/musikverein-erolzheim.de\/wp-content\/uploads\/2026\/03\/2026_Generalversammlung_11-720x480.jpg\" alt=\"\" width=\"400\" height=\"266\" srcset=\"https:\/\/musikverein-erolzheim.de\/wp-content\/uploads\/2026\/03\/2026_Generalversammlung_11-720x480.jpg 720w, https:\/\/musikverein-erolzheim.de\/wp-content\/uploads\/2026\/03\/2026_Generalversammlung_11-240x160.jpg 240w, https:\/\/musikverein-erolzheim.de\/wp-content\/uploads\/2026\/03\/2026_Generalversammlung_11-768x512.jpg 768w, https:\/\/musikverein-erolzheim.de\/wp-content\/uploads\/2026\/03\/2026_Generalversammlung_11-528x352.jpg 528w, https:\/\/musikverein-erolzheim.de\/wp-content\/uploads\/2026\/03\/2026_Generalversammlung_11-856x570.jpg 856w, https:\/\/musikverein-erolzheim.de\/wp-content\/uploads\/2026\/03\/2026_Generalversammlung_11-601x400.jpg 601w, https:\/\/musikverein-erolzheim.de\/wp-content\/uploads\/2026\/03\/2026_Generalversammlung_11.jpg 1024w\" sizes=\"auto, (max-width: 400px) 100vw, 400px\" \/><\/p>\n<p><span style=\"font-weight: 400;\">Da keine weiteren Antr\u00e4ge eingegangen waren, wurde die Versammlung geschlossen.<\/span><\/p>\n<p><strong>Musikverein Erolzheim<\/strong><\/p>\n<p><span style=\"font-weight: 400;\">Unser Vorstand Michael Ehrentreich er\u00f6ffnete die Versammlung f\u00fcr den Musikverein. Als erster Tagesordnungspunkt fand die Totenehrung statt, bei der unserem im letzten Jahr verstorbenen Ehrenmitglieds Karl Soherr gedacht wurde.<\/span><\/p>\n<p><span style=\"font-weight: 400;\">Im Anschluss folgte der Bericht der Kassiererin Kornelia Guter, deren gewissenhafte Arbeit durch die Kassenpr\u00fcfung best\u00e4tigt wurde.<\/span><\/p>\n<p><span style=\"font-weight: 400;\">Im Bericht der Schriftf\u00fchrerin waren ganze 73 Aktivit\u00e4ten des Vereins verzeichnet, als Highlight des vergangenen Jahres kann man das Kindermitmachkonzert und den Familienausflug erw\u00e4hnen. Mit 220 aktiven Mitgliedern, 99 davon unter 18 betr\u00e4gt der aktuelle Altersdurchschnitt des Vereins 26 Jahre. Diese Zahlen sind im Vergleich zum Vorjahr sehr stabil, erfreulich ist, dass die Anzahl der unter 18 J\u00e4hrigen sogar angewachsen ist. Der Verein wird au\u00dferdem durch 124 passive Mitglieder unterst\u00fctzt.<\/span><\/p>\n<p><span style=\"font-weight: 400;\">Es folgten Berichte von Abteilungsleiter Simon Harder f\u00fcr die Musikkapelle und Andreas H\u00f6gerle f\u00fcr den Spielmannszug. Ein besonderes Highlight im vergangenen Jahr war dabei die Teilnahme beim deutschen Musikfest in Ulm. F\u00fcr den Musikverein gab es einen Ausblick auf das Jubil\u00e4umsjahr 2027, bei dem 195 Jahre Musikkapelle, 60 Jahr Spielmanns- und Fanfarenzuges und 30 Jahre Cheerleader gefeiert wird. Auch wurde die Wichtigkeit des Themas Jugendarbeit f\u00fcr beide Abteilungen erneut in den Fokus gehoben. W\u00e4hrend sich die Musikkapelle \u00fcber 7 Neuzug\u00e4nge aus den eigenen Reihen freuen konnte, bleiben die Nachwuchssorgen beim Spielmannszug ein aktuelles Thema.<\/span><\/p>\n<p><span style=\"font-weight: 400;\">\u00a0Im Anschluss folgten die Berichte der Dirigentinnen Anita Deckert und Sandra Kurtenbach f\u00fcr den Spielmannszug und Oliver Doneck f\u00fcr die Musikkapelle. Anita und Sandra geben eine Ausblick in die kommende Saison mit neuen Musikst\u00fccken und blickten auf die vergangene Fasnet zur\u00fcck, in der der neue Tambour\u201dMajo\u201d die Leitung des SFZs innehatte. Oliver Doneck kam dabei auf das kommende Wertungsspiel in Gannertshofen zu sprechen, f\u00fcr das die Probenarbeit aktuell gute Fortschritte erzielt.\u00a0<\/span><\/p>\n<p><span style=\"font-weight: 400;\">Der Beitrag unseres Vorstandes Michael Ehrentreich gab einen R\u00fcckblick auf die Vorstandsarbeit des vergangenen Jahres. Au\u00dferdem ging er auf das Thema Jugendarbeit, das mit 3 Teams mit 15 Akteuren einen zentralen Platz in der Vereinsarbeit einnimmt, ein. Positiv ist hier auch die Ausrichtung des Kreisjugendmusiktages 2027 durch den MVE hervorzuheben. Ein weiteres Thema war der geplante Imagefilm f\u00fcr den Musikverein. Er schloss seinen Beitrag sehr passend mit den Worten \u201cGemeinsam spielen wir nicht nur Musik, sondern gestalten Gemeinschaft&#8220;.\u00a0<\/span><\/p>\n<p><strong>Ehrungen<\/strong><\/p>\n<p><span style=\"font-weight: 400;\">F\u00fcr 10 Jahre aktive Mitgliedschaft im Musikverein Erolzheim: <\/span><span style=\"font-weight: 400;\">Sanja Beer, Lavinia Iaconisi, Thomas Pfau, Dominik Pietsch und Ina Schmierer.<\/span><\/p>\n<p><img loading=\"lazy\" decoding=\"async\" class=\"alignnone wp-image-10322\" src=\"https:\/\/musikverein-erolzheim.de\/wp-content\/uploads\/2026\/03\/2026_Generalversammlung_08-720x480.jpg\" alt=\"\" width=\"400\" height=\"266\" srcset=\"https:\/\/musikverein-erolzheim.de\/wp-content\/uploads\/2026\/03\/2026_Generalversammlung_08-720x480.jpg 720w, https:\/\/musikverein-erolzheim.de\/wp-content\/uploads\/2026\/03\/2026_Generalversammlung_08-240x160.jpg 240w, https:\/\/musikverein-erolzheim.de\/wp-content\/uploads\/2026\/03\/2026_Generalversammlung_08-768x512.jpg 768w, https:\/\/musikverein-erolzheim.de\/wp-content\/uploads\/2026\/03\/2026_Generalversammlung_08-528x352.jpg 528w, https:\/\/musikverein-erolzheim.de\/wp-content\/uploads\/2026\/03\/2026_Generalversammlung_08-856x570.jpg 856w, https:\/\/musikverein-erolzheim.de\/wp-content\/uploads\/2026\/03\/2026_Generalversammlung_08-601x400.jpg 601w, https:\/\/musikverein-erolzheim.de\/wp-content\/uploads\/2026\/03\/2026_Generalversammlung_08.jpg 1024w\" sizes=\"auto, (max-width: 400px) 100vw, 400px\" \/><\/p>\n<p><span style=\"font-weight: 400;\">F\u00fcr 20 Jahre aktive Mitgliedschaft im Musikverein Erolzheim:\u00a0<\/span><span style=\"font-weight: 400;\">Tobias Bogdan<\/span><\/p>\n<p><img loading=\"lazy\" decoding=\"async\" class=\"alignnone wp-image-10323\" src=\"https:\/\/musikverein-erolzheim.de\/wp-content\/uploads\/2026\/03\/2026_Generalversammlung_09-480x720.jpg\" alt=\"\" width=\"400\" height=\"601\" srcset=\"https:\/\/musikverein-erolzheim.de\/wp-content\/uploads\/2026\/03\/2026_Generalversammlung_09-480x720.jpg 480w, https:\/\/musikverein-erolzheim.de\/wp-content\/uploads\/2026\/03\/2026_Generalversammlung_09-160x240.jpg 160w, https:\/\/musikverein-erolzheim.de\/wp-content\/uploads\/2026\/03\/2026_Generalversammlung_09-466x700.jpg 466w, https:\/\/musikverein-erolzheim.de\/wp-content\/uploads\/2026\/03\/2026_Generalversammlung_09-512x768.jpg 512w, https:\/\/musikverein-erolzheim.de\/wp-content\/uploads\/2026\/03\/2026_Generalversammlung_09-380x570.jpg 380w, https:\/\/musikverein-erolzheim.de\/wp-content\/uploads\/2026\/03\/2026_Generalversammlung_09-266x400.jpg 266w, https:\/\/musikverein-erolzheim.de\/wp-content\/uploads\/2026\/03\/2026_Generalversammlung_09.jpg 682w\" sizes=\"auto, (max-width: 400px) 100vw, 400px\" \/><\/p>\n<p><span style=\"font-weight: 400;\">Im Anschluss \u00fcbernahm B\u00fcrgermeister Jochen Ackermann die Entlastung der Vorstandschaft, die einstimmig beschlossen wurde.<\/span><\/p>\n<p><span style=\"font-weight: 400;\">Bei den darauffolgenden Wahlen wurden alle zur Wahl stehenden \u00c4mter erneut mit den bisherigen Amtsinhabern besetzt. Allen Gew\u00e4hlten wird weiterhin viel Erfolg in ihren Funktionen gew\u00fcnscht.<\/span><\/p>\n<p><span style=\"font-weight: 400;\">Um 21:20 Uhr wurde die Versammlung beendet. Der Verein bedankt sich bei allen anwesenden Mitgliedern, Ehrenmitgliedern sowie bei B\u00fcrgermeister Jochen Ackermann f\u00fcr ihre Teilnahme. Ein besonderer Dank gilt zudem der Familie Bader f\u00fcr die hervorragende Bewirtung.<\/span><\/p>\n","protected":false},"excerpt":{"rendered":"<p>Am vergangenen Freitag den 20.03.2026 fand die [&hellip;]<\/p>\n","protected":false},"author":5,"featured_media":0,"comment_status":"closed","ping_status":"open","sticky":false,"template":"","format":"standard","meta":{"_acf_changed":false,"footnotes":""},"categories":[4],"tags":[],"class_list":["post-10266","post","type-post","status-publish","format-standard","hentry","category-berichte-bilder"],"acf":[],"_links":{"self":[{"href":"https:\/\/musikverein-erolzheim.de\/index.php?rest_route=\/wp\/v2\/posts\/10266","targetHints":{"allow":["GET"]}}],"collection":[{"href":"https:\/\/musikverein-erolzheim.de\/index.php?rest_route=\/wp\/v2\/posts"}],"about":[{"href":"https:\/\/musikverein-erolzheim.de\/index.php?rest_route=\/wp\/v2\/types\/post"}],"author":[{"embeddable":true,"href":"https:\/\/musikverein-erolzheim.de\/index.php?rest_route=\/wp\/v2\/users\/5"}],"replies":[{"embeddable":true,"href":"https:\/\/musikverein-erolzheim.de\/index.php?rest_route=%2Fwp%2Fv2%2Fcomments&post=10266"}],"version-history":[{"count":15,"href":"https:\/\/musikverein-erolzheim.de\/index.php?rest_route=\/wp\/v2\/posts\/10266\/revisions"}],"predecessor-version":[{"id":10330,"href":"https:\/\/musikverein-erolzheim.de\/index.php?rest_route=\/wp\/v2\/posts\/10266\/revisions\/10330"}],"wp:attachment":[{"href":"https:\/\/musikverein-erolzheim.de\/index.php?rest_route=%2Fwp%2Fv2%2Fmedia&parent=10266"}],"wp:term":[{"taxonomy":"category","embeddable":true,"href":"https:\/\/musikverein-erolzheim.de\/index.php?rest_route=%2Fwp%2Fv2%2Fcategories&post=10266"},{"taxonomy":"post_tag","embeddable":true,"href":"https:\/\/musikverein-erolzheim.de\/index.php?rest_route=%2Fwp%2Fv2%2Ftags&post=10266"}],"curies":[{"name":"wp","href":"https:\/\/api.w.org\/{rel}","templated":true}]}}