{"id":10758,"date":"2026-05-01T18:30:37","date_gmt":"2026-05-01T16:30:37","guid":{"rendered":"https:\/\/musikverein-erolzheim.de\/?p=10758"},"modified":"2026-05-01T18:30:37","modified_gmt":"2026-05-01T16:30:37","slug":"nachruf","status":"publish","type":"post","link":"https:\/\/musikverein-erolzheim.de\/?p=10758","title":{"rendered":"Nachruf"},"content":{"rendered":"<p style=\"text-align: center;\">Der Musikverein Erolzheim trauert um sein Ehrenmitglied<\/p>\n<p style=\"text-align: center;\"><strong>Andreas Schneider<\/strong><strong>\u00a0<\/strong><\/p>\n<p style=\"text-align: center;\">der im Alter von 90 Jahren verstorben ist.<\/p>\n<p style=\"text-align: center;\">Andreas war von 1960 &#8211; 2006 aktives Mitglied in der Musikkapelle und spielte die Tuba. Musik war seine gro\u00dfe Leidenschaft und als sehr verl\u00e4sslicher Kamerad pr\u00e4gte er 46 Jahre lang unser Vereinsleben.<\/p>\n<p style=\"text-align: center;\">Wir danken Andreas f\u00fcr seine Vereinstreue und werden ihm ein ehrendes Andenken bewahren. Unsere aufrichtige Anteilnahme gilt seiner Familie und seinen Angeh\u00f6rigen.<\/p>\n<p style=\"text-align: center;\"><strong>Die Mitglieder des Musikverein Erolzheim e.V.<\/strong><\/p>\n","protected":false},"excerpt":{"rendered":"<p>Der Musikverein Erolzheim trauert um sein Ehrenmitglied [&hellip;]<\/p>\n","protected":false},"author":5,"featured_media":0,"comment_status":"closed","ping_status":"open","sticky":false,"template":"","format":"standard","meta":{"_acf_changed":false,"footnotes":""},"categories":[1],"tags":[],"class_list":["post-10758","post","type-post","status-publish","format-standard","hentry","category-aktuell"],"acf":[],"_links":{"self":[{"href":"https:\/\/musikverein-erolzheim.de\/index.php?rest_route=\/wp\/v2\/posts\/10758","targetHints":{"allow":["GET"]}}],"collection":[{"href":"https:\/\/musikverein-erolzheim.de\/index.php?rest_route=\/wp\/v2\/posts"}],"about":[{"href":"https:\/\/musikverein-erolzheim.de\/index.php?rest_route=\/wp\/v2\/types\/post"}],"author":[{"embeddable":true,"href":"https:\/\/musikverein-erolzheim.de\/index.php?rest_route=\/wp\/v2\/users\/5"}],"replies":[{"embeddable":true,"href":"https:\/\/musikverein-erolzheim.de\/index.php?rest_route=%2Fwp%2Fv2%2Fcomments&post=10758"}],"version-history":[{"count":2,"href":"https:\/\/musikverein-erolzheim.de\/index.php?rest_route=\/wp\/v2\/posts\/10758\/revisions"}],"predecessor-version":[{"id":10760,"href":"https:\/\/musikverein-erolzheim.de\/index.php?rest_route=\/wp\/v2\/posts\/10758\/revisions\/10760"}],"wp:attachment":[{"href":"https:\/\/musikverein-erolzheim.de\/index.php?rest_route=%2Fwp%2Fv2%2Fmedia&parent=10758"}],"wp:term":[{"taxonomy":"category","embeddable":true,"href":"https:\/\/musikverein-erolzheim.de\/index.php?rest_route=%2Fwp%2Fv2%2Fcategories&post=10758"},{"taxonomy":"post_tag","embeddable":true,"href":"https:\/\/musikverein-erolzheim.de\/index.php?rest_route=%2Fwp%2Fv2%2Ftags&post=10758"}],"curies":[{"name":"wp","href":"https:\/\/api.w.org\/{rel}","templated":true}]}}