{"id":6637,"date":"2022-04-26T21:36:53","date_gmt":"2022-04-26T19:36:53","guid":{"rendered":"https:\/\/musikverein-erolzheim.de\/?p=6637"},"modified":"2022-06-22T13:22:14","modified_gmt":"2022-06-22T11:22:14","slug":"vatertagsfest-2022","status":"publish","type":"post","link":"https:\/\/musikverein-erolzheim.de\/?p=6637","title":{"rendered":"Vatertagsfest 2022"},"content":{"rendered":"<p>Nach zweij\u00e4hriger, coronabedingter Pause konnte an Christi Himmelfahrt wieder unser traditionelles Vatertagsfest stattfinden.<\/p>\n<p><img loading=\"lazy\" decoding=\"async\" class=\"alignnone size-full wp-image-6673\" src=\"https:\/\/musikverein-erolzheim.de\/wp-content\/uploads\/2022\/04\/2022_Vatertagsfest_Vogelperspektive.png\" alt=\"\" width=\"1024\" height=\"576\" srcset=\"https:\/\/musikverein-erolzheim.de\/wp-content\/uploads\/2022\/04\/2022_Vatertagsfest_Vogelperspektive.png 1024w, https:\/\/musikverein-erolzheim.de\/wp-content\/uploads\/2022\/04\/2022_Vatertagsfest_Vogelperspektive-240x135.png 240w, https:\/\/musikverein-erolzheim.de\/wp-content\/uploads\/2022\/04\/2022_Vatertagsfest_Vogelperspektive-720x405.png 720w, https:\/\/musikverein-erolzheim.de\/wp-content\/uploads\/2022\/04\/2022_Vatertagsfest_Vogelperspektive-768x432.png 768w, https:\/\/musikverein-erolzheim.de\/wp-content\/uploads\/2022\/04\/2022_Vatertagsfest_Vogelperspektive-528x297.png 528w, https:\/\/musikverein-erolzheim.de\/wp-content\/uploads\/2022\/04\/2022_Vatertagsfest_Vogelperspektive-1013x570.png 1013w, https:\/\/musikverein-erolzheim.de\/wp-content\/uploads\/2022\/04\/2022_Vatertagsfest_Vogelperspektive-711x400.png 711w\" sizes=\"auto, (max-width: 1024px) 100vw, 1024px\" \/><\/p>\n<p>Bei bestem Festwetter str\u00f6mten zahlreiche Besucher zum Festplatz beim Schloss in Erolzheim und f\u00fcllten Zelt und Biergarten mit Leben.<br \/>\nZum Fr\u00fchschoppen und anschlie\u00dfendem Mittagessen spielte die Gemeinschaftsjugendkapelle Dettingen-Erolzheim-Kirchberg f\u00fcr die G\u00e4ste auf und unterhielt diese wie gewohnt bestens.<br \/>\nAnschlie\u00dfend folgte der Auftritt des j\u00fcngsten Cheerleader-Nachwuchses \u201eSunflowers\u201c, die ihren neuesten Tanz auff\u00fchrten und daf\u00fcr gro\u00dfen Applaus erhielten.<br \/>\nIm Anschluss \u00fcbernahm die Musikkapelle Erolzheim die Unterhaltung der G\u00e4ste und spielte zu Kaffee und Kuchen auf.<br \/>\nF\u00fcr die kleinen Besucher im Kindergartenalter wurde in diesem Jahr erstmals ein Kindermitmachkonzert im Musikerheim angeboten, welches ebenfalls guten Zuspruch fand.<br \/>\nDie Kinder erlebten eine Klanggeschichte zu den Erolzheimer Schlossgespenstern im Blasmusikfieber, welche sie selber musikalisch mitgestalten durften.<br \/>\nF\u00fcr die \u00e4lteren Kinder war am Infostand mit einem Musikquiz, bei welchem es unter anderem galt, Instrumente durch Ertasten zu erkennen, einiges geboten.<\/p>\n<p>Vielen Dank an alle G\u00e4ste f\u00fcr ihren Besuch.<br \/>\nEs war f\u00fcr alle Akteure auf der B\u00fchne ein tolles Gef\u00fchl endlich wieder vor Publikum auftreten zu k\u00f6nnen.<br \/>\nWir d\u00fcrfen erneut auf ein rundum gelungenes Fest zur\u00fcckblicken und m\u00f6chten uns an dieser Stelle auch bei allen HelferInnen bedanken, die zum reibungslosen Ablauf des Festes beigetragen haben.<\/p>\n","protected":false},"excerpt":{"rendered":"<p>Nach zweij\u00e4hriger, coronabedingter Pause konnte an Christi [&hellip;]<\/p>\n","protected":false},"author":5,"featured_media":0,"comment_status":"open","ping_status":"open","sticky":false,"template":"","format":"standard","meta":{"_acf_changed":false,"footnotes":""},"categories":[4],"tags":[],"class_list":["post-6637","post","type-post","status-publish","format-standard","hentry","category-berichte-bilder"],"acf":[],"_links":{"self":[{"href":"https:\/\/musikverein-erolzheim.de\/index.php?rest_route=\/wp\/v2\/posts\/6637","targetHints":{"allow":["GET"]}}],"collection":[{"href":"https:\/\/musikverein-erolzheim.de\/index.php?rest_route=\/wp\/v2\/posts"}],"about":[{"href":"https:\/\/musikverein-erolzheim.de\/index.php?rest_route=\/wp\/v2\/types\/post"}],"author":[{"embeddable":true,"href":"https:\/\/musikverein-erolzheim.de\/index.php?rest_route=\/wp\/v2\/users\/5"}],"replies":[{"embeddable":true,"href":"https:\/\/musikverein-erolzheim.de\/index.php?rest_route=%2Fwp%2Fv2%2Fcomments&post=6637"}],"version-history":[{"count":16,"href":"https:\/\/musikverein-erolzheim.de\/index.php?rest_route=\/wp\/v2\/posts\/6637\/revisions"}],"predecessor-version":[{"id":6685,"href":"https:\/\/musikverein-erolzheim.de\/index.php?rest_route=\/wp\/v2\/posts\/6637\/revisions\/6685"}],"wp:attachment":[{"href":"https:\/\/musikverein-erolzheim.de\/index.php?rest_route=%2Fwp%2Fv2%2Fmedia&parent=6637"}],"wp:term":[{"taxonomy":"category","embeddable":true,"href":"https:\/\/musikverein-erolzheim.de\/index.php?rest_route=%2Fwp%2Fv2%2Fcategories&post=6637"},{"taxonomy":"post_tag","embeddable":true,"href":"https:\/\/musikverein-erolzheim.de\/index.php?rest_route=%2Fwp%2Fv2%2Ftags&post=6637"}],"curies":[{"name":"wp","href":"https:\/\/api.w.org\/{rel}","templated":true}]}}