{"id":7521,"date":"2023-02-26T22:25:54","date_gmt":"2023-02-26T20:25:54","guid":{"rendered":"https:\/\/musikverein-erolzheim.de\/?p=7521"},"modified":"2023-03-07T13:34:53","modified_gmt":"2023-03-07T11:34:53","slug":"fasnet-2023-spielmanns-und-fanfarenzug-auf-tour","status":"publish","type":"post","link":"https:\/\/musikverein-erolzheim.de\/?p=7521","title":{"rendered":"Fasnet 2023"},"content":{"rendered":"<p>27 Auftritte in sechs Wochen. Die Fasnets-Saison 2023 hatte es in sich!<\/p>\n<p>Umso sch\u00f6ner, dass wir nach der Corona-Pause mit einer Vielzahl an motivierten Spielleuten und Cheerleadern loslegen konnten. Gerade in Vollbesetzung bei den lokalen Umz\u00fcgen in Au, Tannheim und Zell war unser Spielmanns-<strong>ZUG<\/strong> ein echter Blickfang. Circa 50 Spielleute und rund 60 Cheerleader brachten dort zusammen Musik und Tanz in die Stra\u00dfen und begeisterten die Zuschauer.<\/p>\n<p><img loading=\"lazy\" decoding=\"async\" class=\"alignnone size-large wp-image-7644\" src=\"https:\/\/musikverein-erolzheim.de\/wp-content\/uploads\/2023\/02\/2023_Fasnet_24-720x246.jpg\" alt=\"\" width=\"720\" height=\"246\" srcset=\"https:\/\/musikverein-erolzheim.de\/wp-content\/uploads\/2023\/02\/2023_Fasnet_24-720x246.jpg 720w, https:\/\/musikverein-erolzheim.de\/wp-content\/uploads\/2023\/02\/2023_Fasnet_24-240x82.jpg 240w, https:\/\/musikverein-erolzheim.de\/wp-content\/uploads\/2023\/02\/2023_Fasnet_24-768x263.jpg 768w, https:\/\/musikverein-erolzheim.de\/wp-content\/uploads\/2023\/02\/2023_Fasnet_24-528x180.jpg 528w, https:\/\/musikverein-erolzheim.de\/wp-content\/uploads\/2023\/02\/2023_Fasnet_24.jpg 1024w\" sizes=\"auto, (max-width: 720px) 100vw, 720px\" \/><\/p>\n<p>Unsere Cheerleader erreichten auf dem Dettinger Dance-Battle (Sportlerball) au\u00dferdem einen sensationellen 2. Platz !<\/p>\n<p><img loading=\"lazy\" decoding=\"async\" class=\"alignnone wp-image-7629\" src=\"https:\/\/musikverein-erolzheim.de\/wp-content\/uploads\/2023\/02\/2023_Fasnet_09-720x493.jpg\" alt=\"\" width=\"512\" height=\"351\" srcset=\"https:\/\/musikverein-erolzheim.de\/wp-content\/uploads\/2023\/02\/2023_Fasnet_09-720x493.jpg 720w, https:\/\/musikverein-erolzheim.de\/wp-content\/uploads\/2023\/02\/2023_Fasnet_09-240x164.jpg 240w, https:\/\/musikverein-erolzheim.de\/wp-content\/uploads\/2023\/02\/2023_Fasnet_09-768x526.jpg 768w, https:\/\/musikverein-erolzheim.de\/wp-content\/uploads\/2023\/02\/2023_Fasnet_09-528x361.jpg 528w, https:\/\/musikverein-erolzheim.de\/wp-content\/uploads\/2023\/02\/2023_Fasnet_09-833x570.jpg 833w, https:\/\/musikverein-erolzheim.de\/wp-content\/uploads\/2023\/02\/2023_Fasnet_09-584x400.jpg 584w, https:\/\/musikverein-erolzheim.de\/wp-content\/uploads\/2023\/02\/2023_Fasnet_09.jpg 1024w\" sizes=\"auto, (max-width: 512px) 100vw, 512px\" \/><\/p>\n<p>Am Gombigen Donnerstag war der SWR bei der H\u00fcrbler Wirthaus-Fasnet im Gasthaus Adler zu Gast. Kurze Ausschnitte unseres Auftritts waren deshalb in der Landesschau Baden-W\u00fcrttemberg zu sehen.<\/p>\n<p>Link zum offiziellen SWR Bericht, mit zweimin\u00fctigem Video: <a href=\"https:\/\/www.swr.de\/swraktuell\/baden-wuerttemberg\/friedrichshafen\/wirthaus-fastnacht-aus-huerbel-100.html\"><strong>So war die &#8222;Wirtshausfasnet&#8220; in H\u00fcrbel<\/strong><\/a><\/p>\n<p><img loading=\"lazy\" decoding=\"async\" class=\"alignnone wp-image-7649\" src=\"https:\/\/musikverein-erolzheim.de\/wp-content\/uploads\/2023\/02\/2023_Fasnet_29-720x403.jpg\" alt=\"\" width=\"512\" height=\"287\" srcset=\"https:\/\/musikverein-erolzheim.de\/wp-content\/uploads\/2023\/02\/2023_Fasnet_29-720x403.jpg 720w, https:\/\/musikverein-erolzheim.de\/wp-content\/uploads\/2023\/02\/2023_Fasnet_29-240x134.jpg 240w, https:\/\/musikverein-erolzheim.de\/wp-content\/uploads\/2023\/02\/2023_Fasnet_29-768x430.jpg 768w, https:\/\/musikverein-erolzheim.de\/wp-content\/uploads\/2023\/02\/2023_Fasnet_29-528x295.jpg 528w, https:\/\/musikverein-erolzheim.de\/wp-content\/uploads\/2023\/02\/2023_Fasnet_29-1019x570.jpg 1019w, https:\/\/musikverein-erolzheim.de\/wp-content\/uploads\/2023\/02\/2023_Fasnet_29-715x400.jpg 715w, https:\/\/musikverein-erolzheim.de\/wp-content\/uploads\/2023\/02\/2023_Fasnet_29.jpg 1024w\" sizes=\"auto, (max-width: 512px) 100vw, 512px\" \/><\/p>\n<p>Ein weiteres Highlight in diesem Jahr war unsere Ausfahrt nach \u00d6sterreich. Beim Nachtumzug der Sp\u00e4ltab\u00fcrger Gilde in Feldkirch im Vorarlberg zogen wir mit zahlreichen anderen Musikgruppen durch die Gassen.<\/p>\n<p><img loading=\"lazy\" decoding=\"async\" class=\"alignnone wp-image-7627\" src=\"https:\/\/musikverein-erolzheim.de\/wp-content\/uploads\/2023\/02\/2023_Fasnet_07-720x540.jpg\" alt=\"\" width=\"350\" height=\"263\" srcset=\"https:\/\/musikverein-erolzheim.de\/wp-content\/uploads\/2023\/02\/2023_Fasnet_07-720x540.jpg 720w, https:\/\/musikverein-erolzheim.de\/wp-content\/uploads\/2023\/02\/2023_Fasnet_07-240x180.jpg 240w, https:\/\/musikverein-erolzheim.de\/wp-content\/uploads\/2023\/02\/2023_Fasnet_07-768x576.jpg 768w, https:\/\/musikverein-erolzheim.de\/wp-content\/uploads\/2023\/02\/2023_Fasnet_07-528x396.jpg 528w, https:\/\/musikverein-erolzheim.de\/wp-content\/uploads\/2023\/02\/2023_Fasnet_07.jpg 1024w, https:\/\/musikverein-erolzheim.de\/wp-content\/uploads\/2023\/02\/2023_Fasnet_07-760x570.jpg 760w, https:\/\/musikverein-erolzheim.de\/wp-content\/uploads\/2023\/02\/2023_Fasnet_07-533x400.jpg 533w\" sizes=\"auto, (max-width: 350px) 100vw, 350px\" \/>\u00a0 <img loading=\"lazy\" decoding=\"async\" class=\"alignnone wp-image-7645\" src=\"https:\/\/musikverein-erolzheim.de\/wp-content\/uploads\/2023\/02\/2023_Fasnet_25-720x540.jpg\" alt=\"\" width=\"350\" height=\"263\" srcset=\"https:\/\/musikverein-erolzheim.de\/wp-content\/uploads\/2023\/02\/2023_Fasnet_25-720x540.jpg 720w, https:\/\/musikverein-erolzheim.de\/wp-content\/uploads\/2023\/02\/2023_Fasnet_25-240x180.jpg 240w, https:\/\/musikverein-erolzheim.de\/wp-content\/uploads\/2023\/02\/2023_Fasnet_25-768x576.jpg 768w, https:\/\/musikverein-erolzheim.de\/wp-content\/uploads\/2023\/02\/2023_Fasnet_25-528x396.jpg 528w, https:\/\/musikverein-erolzheim.de\/wp-content\/uploads\/2023\/02\/2023_Fasnet_25.jpg 1024w, https:\/\/musikverein-erolzheim.de\/wp-content\/uploads\/2023\/02\/2023_Fasnet_25-760x570.jpg 760w, https:\/\/musikverein-erolzheim.de\/wp-content\/uploads\/2023\/02\/2023_Fasnet_25-533x400.jpg 533w\" sizes=\"auto, (max-width: 350px) 100vw, 350px\" \/><\/p>\n<p>Es ist immer wieder sch\u00f6n \u00fcber die eigene Region hinaus blicken zu k\u00f6nnen, um zu erfahren wie andere Fasnet, Fasching oder Fasnacht feiern.<\/p>\n<p>Sei es in Feldkirch mit Monsterkonzerten in der Innenstadt, in Immenstaad am Bodensee bei Wein und Apfelmost oder in Gosbach (Landkreis G\u00f6ppingen) bei Bratkartoffeln und sauren Kutteln. \u00dcberall lernen wir neue Leute und Fasnets-Br\u00e4uche kennen.<\/p>\n<p>Wir freuen uns deshalb schon auf die n\u00e4chste Saison. Hoffentlich wieder mit vielen neuen Umz\u00fcgen und Spielorten.<\/p>\n<p>Bis dahin.<\/p>\n<p>Ein dreifaches Spielmanns-Zug \/ Cheer-Leader!<\/p>\n<p>F\u00fcr weitere Fotos, Videos und Neuigkeiten, folgt uns auf:<\/p>\n<ul>\n<li><a href=\"https:\/\/instagram.com\/mv_erolzheim?igshid=YmMyMTA2M2Y=\">Instagram<\/a><\/li>\n<li><a href=\"https:\/\/www.facebook.com\/MusikvereinErolzheim\/?locale=de_DE\">Facebook<\/a><\/li>\n<\/ul>\n<p>&nbsp;<\/p>\n<h2><strong>Fasnetsprogramm 2023:<\/strong><\/h2>\n<p><img loading=\"lazy\" decoding=\"async\" class=\"alignnone wp-image-7457 size-large\" src=\"https:\/\/musikverein-erolzheim.de\/wp-content\/uploads\/2023\/01\/2023_Fasnet_Flyer-720x507.jpg\" alt=\"\" width=\"720\" height=\"507\" srcset=\"https:\/\/musikverein-erolzheim.de\/wp-content\/uploads\/2023\/01\/2023_Fasnet_Flyer-720x507.jpg 720w, https:\/\/musikverein-erolzheim.de\/wp-content\/uploads\/2023\/01\/2023_Fasnet_Flyer-240x169.jpg 240w, https:\/\/musikverein-erolzheim.de\/wp-content\/uploads\/2023\/01\/2023_Fasnet_Flyer-768x541.jpg 768w, https:\/\/musikverein-erolzheim.de\/wp-content\/uploads\/2023\/01\/2023_Fasnet_Flyer-528x372.jpg 528w, https:\/\/musikverein-erolzheim.de\/wp-content\/uploads\/2023\/01\/2023_Fasnet_Flyer-810x570.jpg 810w, https:\/\/musikverein-erolzheim.de\/wp-content\/uploads\/2023\/01\/2023_Fasnet_Flyer-568x400.jpg 568w, https:\/\/musikverein-erolzheim.de\/wp-content\/uploads\/2023\/01\/2023_Fasnet_Flyer.jpg 1024w\" sizes=\"auto, (max-width: 720px) 100vw, 720px\" \/><\/p>\n","protected":false},"excerpt":{"rendered":"<p>27 Auftritte in sechs Wochen. Die Fasnets-Saison [&hellip;]<\/p>\n","protected":false},"author":6,"featured_media":0,"comment_status":"open","ping_status":"open","sticky":false,"template":"","format":"standard","meta":{"_acf_changed":false,"footnotes":""},"categories":[4],"tags":[],"class_list":["post-7521","post","type-post","status-publish","format-standard","hentry","category-berichte-bilder"],"acf":[],"_links":{"self":[{"href":"https:\/\/musikverein-erolzheim.de\/index.php?rest_route=\/wp\/v2\/posts\/7521","targetHints":{"allow":["GET"]}}],"collection":[{"href":"https:\/\/musikverein-erolzheim.de\/index.php?rest_route=\/wp\/v2\/posts"}],"about":[{"href":"https:\/\/musikverein-erolzheim.de\/index.php?rest_route=\/wp\/v2\/types\/post"}],"author":[{"embeddable":true,"href":"https:\/\/musikverein-erolzheim.de\/index.php?rest_route=\/wp\/v2\/users\/6"}],"replies":[{"embeddable":true,"href":"https:\/\/musikverein-erolzheim.de\/index.php?rest_route=%2Fwp%2Fv2%2Fcomments&post=7521"}],"version-history":[{"count":41,"href":"https:\/\/musikverein-erolzheim.de\/index.php?rest_route=\/wp\/v2\/posts\/7521\/revisions"}],"predecessor-version":[{"id":7658,"href":"https:\/\/musikverein-erolzheim.de\/index.php?rest_route=\/wp\/v2\/posts\/7521\/revisions\/7658"}],"wp:attachment":[{"href":"https:\/\/musikverein-erolzheim.de\/index.php?rest_route=%2Fwp%2Fv2%2Fmedia&parent=7521"}],"wp:term":[{"taxonomy":"category","embeddable":true,"href":"https:\/\/musikverein-erolzheim.de\/index.php?rest_route=%2Fwp%2Fv2%2Fcategories&post=7521"},{"taxonomy":"post_tag","embeddable":true,"href":"https:\/\/musikverein-erolzheim.de\/index.php?rest_route=%2Fwp%2Fv2%2Ftags&post=7521"}],"curies":[{"name":"wp","href":"https:\/\/api.w.org\/{rel}","templated":true}]}}