{"id":7823,"date":"2023-05-05T15:30:04","date_gmt":"2023-05-05T13:30:04","guid":{"rendered":"https:\/\/musikverein-erolzheim.de\/?p=7823"},"modified":"2023-06-27T18:02:41","modified_gmt":"2023-06-27T16:02:41","slug":"vatertagsfest-2023","status":"publish","type":"post","link":"https:\/\/musikverein-erolzheim.de\/?p=7823","title":{"rendered":"Vatertagsfest 2023"},"content":{"rendered":"<p>Der Musikverein Erolzheim l\u00e4dt zum Vatertagsfest!<\/p>\n<p>&#8222;Ein Prosit der Gem\u00fctlichkeit, wir erheben die Kr\u00fcge auf alle V\u00e4ter!&#8220; hie\u00df es auch dieses Jahr wieder an Christi Himmelfahrt. Zum dritten Mal fand das Vatertagsfest auf dem Festplatz in Erolzheim statt. Den Fr\u00fchschoppen und das Mittagessen begleitete der Musikverein Regglisweiler und sorgte mit traditioneller Blasmusik und modernen St\u00fccken f\u00fcr eine super Stimmung im Zelt. Nach dem Mittagessen folgte ein Auftritt der j\u00fcngsten Cheerleader, bevor die Musikkapelle des MVE f\u00fcr das Nachmittagsprogramm auf der B\u00fchne Platz nahm. Parallel dazu fand im Probelokal das Kindermitmachkonzert f\u00fcr die j\u00fcngsten Festbesucher statt.<\/p>\n<p>Nach dem Ausklang des Festes k\u00f6nnen wir eine durchweg positive Bilanz ziehen und bedanken uns bei allen G\u00e4sten. Wir hoffen, euch auch n\u00e4chstes Jahr am Vatertag wieder begr\u00fc\u00dfen zu d\u00fcrfen.<\/p>\n<p>Ein besonderer Dank gilt allen Besuchern, dem Musikverein Regglisweiler und allen flei\u00dfigen Helfern.<\/p>\n","protected":false},"excerpt":{"rendered":"<p>Der Musikverein Erolzheim l\u00e4dt zum Vatertagsfest! &#8222;Ein [&hellip;]<\/p>\n","protected":false},"author":5,"featured_media":0,"comment_status":"open","ping_status":"open","sticky":false,"template":"","format":"standard","meta":{"_acf_changed":false,"footnotes":""},"categories":[4],"tags":[],"class_list":["post-7823","post","type-post","status-publish","format-standard","hentry","category-berichte-bilder"],"acf":[],"_links":{"self":[{"href":"https:\/\/musikverein-erolzheim.de\/index.php?rest_route=\/wp\/v2\/posts\/7823","targetHints":{"allow":["GET"]}}],"collection":[{"href":"https:\/\/musikverein-erolzheim.de\/index.php?rest_route=\/wp\/v2\/posts"}],"about":[{"href":"https:\/\/musikverein-erolzheim.de\/index.php?rest_route=\/wp\/v2\/types\/post"}],"author":[{"embeddable":true,"href":"https:\/\/musikverein-erolzheim.de\/index.php?rest_route=\/wp\/v2\/users\/5"}],"replies":[{"embeddable":true,"href":"https:\/\/musikverein-erolzheim.de\/index.php?rest_route=%2Fwp%2Fv2%2Fcomments&post=7823"}],"version-history":[{"count":9,"href":"https:\/\/musikverein-erolzheim.de\/index.php?rest_route=\/wp\/v2\/posts\/7823\/revisions"}],"predecessor-version":[{"id":7920,"href":"https:\/\/musikverein-erolzheim.de\/index.php?rest_route=\/wp\/v2\/posts\/7823\/revisions\/7920"}],"wp:attachment":[{"href":"https:\/\/musikverein-erolzheim.de\/index.php?rest_route=%2Fwp%2Fv2%2Fmedia&parent=7823"}],"wp:term":[{"taxonomy":"category","embeddable":true,"href":"https:\/\/musikverein-erolzheim.de\/index.php?rest_route=%2Fwp%2Fv2%2Fcategories&post=7823"},{"taxonomy":"post_tag","embeddable":true,"href":"https:\/\/musikverein-erolzheim.de\/index.php?rest_route=%2Fwp%2Fv2%2Ftags&post=7823"}],"curies":[{"name":"wp","href":"https:\/\/api.w.org\/{rel}","templated":true}]}}